{"id":1170,"date":"2020-07-08T20:16:56","date_gmt":"2020-07-08T18:16:56","guid":{"rendered":"https:\/\/mtbfar.dk\/?p=1170"},"modified":"2023-03-05T12:12:57","modified_gmt":"2023-03-05T11:12:57","slug":"status-juli-og-medvind-pa-cykelstien","status":"publish","type":"post","link":"https:\/\/www.cykeleventyr.dk\/index.php\/2020\/07\/08\/status-juli-og-medvind-pa-cykelstien\/","title":{"rendered":"Status: Juli og medvind p\u00e5 cykelstien"},"content":{"rendered":"\n<p>Det er blevet juli, vi er ved at l\u00e6re at leve med coronaen, sommerferien banker p\u00e5 og \u00e5rets f\u00f8rste l\u00f8b er sat i kalenderen. Det er optur. Det er medvind. Det er klasse \ud83e\udd19\ud83c\udffb<\/p>\n\n\n\n<p>For teamet er det fortsat tr\u00e6ning der er i h\u00f8js\u00e6det selvom vi nu spejder mod 2021. Faktisk skulle vi i skrivende stund v\u00e6re f\u00e6rdige med 4. etape, men vi har f\u00e5et vendt skuffelsen til gl\u00e6de ved at have \u00e9t \u00e5r mere &#8211; og hvilket \u00e5r det bliver.<\/p>\n\n\n\n<p>Vi har sagt velkommen til <a href=\"https:\/\/www.louisebrown.dk\/\">Louise Brown<\/a> som holdets coach og mentaltr\u00e6ner, vi har indg\u00e5et et godt samarbejde med <a href=\"https:\/\/www.nordicsportswear.dk\/\">nordicsportswear<\/a> om at k\u00f8re i kit fra <a href=\"https:\/\/www.briko.com\/\">italienske Briko<\/a>, og for at det ikke skal v\u00e6re l\u00f8gn har vi endnu flere ting i st\u00f8beskeen. Der er i sandhed medvind p\u00e5 cykelstien \u270c\ud83c\udffb\ud83d\ude0e<\/p>\n\n\n\n<p>Nedenfor g\u00f8r vi status p\u00e5 tr\u00e6ning mv. Det blev ogs\u00e5 til en snak om de n\u00e6ste par ting, vi har i st\u00f8beskeen \ud83e\udd63\ud83e\udd44<\/p>\n\n\n\n<figure class=\"wp-block-embed is-type-video is-provider-youtube wp-block-embed-youtube wp-embed-aspect-16-9 wp-has-aspect-ratio\"><div class=\"wp-block-embed__wrapper\">\n<iframe loading=\"lazy\" title=\"Status #3: Juli og medvind p\u00e5 cykelstien\" width=\"850\" height=\"478\" src=\"https:\/\/www.youtube.com\/embed\/vFL52ypGoGg?feature=oembed\" frameborder=\"0\" allow=\"accelerometer; autoplay; clipboard-write; encrypted-media; gyroscope; picture-in-picture\" allowfullscreen><\/iframe>\n<\/div><\/figure>\n\n\n\n<p>Nu er det sommer, og vi skal p\u00e5 nogle gode, lange ture! Vi skal bl.a. teste lidt udstyr og indtag af v\u00e6ske og energi p\u00e5 cyklen &#8230; og m\u00e5ske have et glad ros\u00e9 eller to!  \ud83c\udf7e\ud83c\udf77\ud83e\udd42<\/p>\n\n\n\n<p>Vi ses p\u00e5 sporet! \ud83d\udd25\ud83d\udd25\ud83d\udd25<\/p>\n\n\n\n<p> \/&nbsp;<a href=\"https:\/\/www.facebook.com\/morten.degn.37?__tn__=K-R&amp;eid=ARBJknS2NkILXZfIz380TbJd6N2CT7IDBSvU3oHv8-L6z-wC_Y7XYO52fo5UnIwmL1B1hTgTFQEqPfTN&amp;fref=mentions&amp;__xts__%5B0%5D=68.ARBjRjxAw9KLCfKKHsyEGHBGqmEwCaThwLjcc8IiVLXj8r98L9iZcMaPcaXC7I2M085ZFHk2iNPCGyC2vPMnMWsXlxwS96BYz71YQogk67uAnAlDvAUqrA6XQ50WQtNW3V16H_M9tQ_5BjuDlRknivQZz4yoLsZUMW9LYP9xZRGW6nY_coKtq21X8WKHuiO5yilox9uC5qN57b4IExtXHCeM-ZNMNvgivEQZZbMZ4yK0Ud4fsmaf_KzH4PWtcN0-biNAPj3oNPKLJRC2kYJFKGgVn1bLKBhg6EDLVw9UIz55H272IUNT29-LYxvZnO2r47YSu7KEm_SG613ITO6kTR4\">Morten<\/a>&nbsp;&amp;&nbsp;<a href=\"https:\/\/www.facebook.com\/keldorff?__tn__=K-R&amp;eid=ARAgjl-9FCcAbQaI38hjRDvV9BBBh9MQZ2MaMGRrdQhPTKmzblVqghcfIoZMPCIM6kmcvzhgWUvK0sSR&amp;fref=mentions&amp;__xts__%5B0%5D=68.ARBjRjxAw9KLCfKKHsyEGHBGqmEwCaThwLjcc8IiVLXj8r98L9iZcMaPcaXC7I2M085ZFHk2iNPCGyC2vPMnMWsXlxwS96BYz71YQogk67uAnAlDvAUqrA6XQ50WQtNW3V16H_M9tQ_5BjuDlRknivQZz4yoLsZUMW9LYP9xZRGW6nY_coKtq21X8WKHuiO5yilox9uC5qN57b4IExtXHCeM-ZNMNvgivEQZZbMZ4yK0Ud4fsmaf_KzH4PWtcN0-biNAPj3oNPKLJRC2kYJFKGgVn1bLKBhg6EDLVw9UIz55H272IUNT29-LYxvZnO2r47YSu7KEm_SG613ITO6kTR4\">Nikolaj<\/a>&nbsp;\ud83e\udd1c\ud83c\udffb\ud83d\udca5\ud83e\udd1b\ud83c\udffb <\/p>\n","protected":false},"excerpt":{"rendered":"<p>Det er blevet juli, vi er ved at l\u00e6re at leve med coronaen, sommerferien banker p\u00e5 og \u00e5rets f\u00f8rste l\u00f8b er sat i kalenderen. Det er optur. Det er medvind. Det er klasse \ud83e\udd19\ud83c\udffb For&#8230;<\/p>\n","protected":false},"author":1,"featured_media":1553,"comment_status":"open","ping_status":"open","sticky":false,"template":"","format":"standard","meta":{"_jetpack_memberships_contains_paid_content":false,"footnotes":""},"categories":[3,11,12,15],"tags":[],"class_list":["post-1170","post","type-post","status-publish","format-standard","has-post-thumbnail","hentry","category-bike-transalp","category-mentaltraening","category-status","category-traening"],"jetpack_featured_media_url":"https:\/\/i0.wp.com\/www.cykeleventyr.dk\/wp-content\/uploads\/2023\/03\/IMG_5869-scaled.jpg?fit=2560%2C1708&ssl=1","jetpack_sharing_enabled":true,"_links":{"self":[{"href":"https:\/\/www.cykeleventyr.dk\/index.php\/wp-json\/wp\/v2\/posts\/1170","targetHints":{"allow":["GET"]}}],"collection":[{"href":"https:\/\/www.cykeleventyr.dk\/index.php\/wp-json\/wp\/v2\/posts"}],"about":[{"href":"https:\/\/www.cykeleventyr.dk\/index.php\/wp-json\/wp\/v2\/types\/post"}],"author":[{"embeddable":true,"href":"https:\/\/www.cykeleventyr.dk\/index.php\/wp-json\/wp\/v2\/users\/1"}],"replies":[{"embeddable":true,"href":"https:\/\/www.cykeleventyr.dk\/index.php\/wp-json\/wp\/v2\/comments?post=1170"}],"version-history":[{"count":1,"href":"https:\/\/www.cykeleventyr.dk\/index.php\/wp-json\/wp\/v2\/posts\/1170\/revisions"}],"predecessor-version":[{"id":1590,"href":"https:\/\/www.cykeleventyr.dk\/index.php\/wp-json\/wp\/v2\/posts\/1170\/revisions\/1590"}],"wp:featuredmedia":[{"embeddable":true,"href":"https:\/\/www.cykeleventyr.dk\/index.php\/wp-json\/wp\/v2\/media\/1553"}],"wp:attachment":[{"href":"https:\/\/www.cykeleventyr.dk\/index.php\/wp-json\/wp\/v2\/media?parent=1170"}],"wp:term":[{"taxonomy":"category","embeddable":true,"href":"https:\/\/www.cykeleventyr.dk\/index.php\/wp-json\/wp\/v2\/categories?post=1170"},{"taxonomy":"post_tag","embeddable":true,"href":"https:\/\/www.cykeleventyr.dk\/index.php\/wp-json\/wp\/v2\/tags?post=1170"}],"curies":[{"name":"wp","href":"https:\/\/api.w.org\/{rel}","templated":true}]}}